{"id":2200,"date":"2020-11-28T13:22:30","date_gmt":"2020-11-28T13:22:30","guid":{"rendered":"https:\/\/birrakarma.com\/biere-karma-chez-melaverde\/"},"modified":"2020-11-29T16:07:06","modified_gmt":"2020-11-29T16:07:06","slug":"biere-karma-chez-melaverde","status":"publish","type":"post","link":"https:\/\/birrakarma.com\/fr\/biere-karma-chez-melaverde\/","title":{"rendered":"Bi\u00e8re Karma chez MelaVerde!"},"content":{"rendered":"\r\n<h2 class=\"has-text-align-center wp-block-heading\">13 avril 2017<\/h2>\r\n\r\n\r\n\r\n<p>Une journ\u00e9e o\u00f9 l&#8217;\u00e9motion est difficile \u00e0 contenir. Il transpara\u00eet dans chaque action. Nous serons en direct en canal 4, avec le grand Edoardo Raspelli et sa troupe.<\/p>\r\n<p class=\"has-text-align-center\">\r\n\r\n<\/p>\r\n<figure class=\"wp-block-image size-large\"><img loading=\"lazy\" decoding=\"async\" width=\"1024\" height=\"576\" class=\"wp-image-2202\" src=\"https:\/\/birrakarma.com\/wp-content\/uploads\/2020\/05\/articolo-melaverde-karma-2-1024x576.jpg\" alt=\"\" srcset=\"https:\/\/birrakarma.com\/wp-content\/uploads\/2020\/05\/articolo-melaverde-karma-2-1024x576.jpg 1024w, https:\/\/birrakarma.com\/wp-content\/uploads\/2020\/05\/articolo-melaverde-karma-2-300x169.jpg 300w, https:\/\/birrakarma.com\/wp-content\/uploads\/2020\/05\/articolo-melaverde-karma-2-600x337.jpg 600w, https:\/\/birrakarma.com\/wp-content\/uploads\/2020\/05\/articolo-melaverde-karma-2-768x432.jpg 768w, https:\/\/birrakarma.com\/wp-content\/uploads\/2020\/05\/articolo-melaverde-karma-2-1536x864.jpg 1536w, https:\/\/birrakarma.com\/wp-content\/uploads\/2020\/05\/articolo-melaverde-karma-2-2048x1151.jpg 2048w\" sizes=\"auto, (max-width: 1024px) 100vw, 1024px\" \/><\/figure>\r\n<p class=\"has-text-align-center\">\r\n\r\n<\/p>\r\n<p>On parle de notre \u201cTazzulella e caf\u00e8\u201d, une bi\u00e8re stout au caf\u00e9 n\u00e9e de la synergie avec Caff\u00e8 Kimbo. Espace pour les images, nous sommes toujours enthousiasm\u00e9s pour le souvenir.<\/p>\r\n<p class=\"has-text-align-center\">\r\n\r\n<\/p>\r\n<figure class=\"wp-block-video\"><video src=\"https:\/\/birrakarma.com\/wp-content\/uploads\/2017\/07\/melaverde-birrificio-karma.mp4\" controls=\"controls\" width=\"300\" height=\"150\"><\/video><\/figure>\r\n<p class=\"has-text-align-center\"><\/p>","protected":false},"excerpt":{"rendered":"<p>13 avril 2017 Une journ\u00e9e o\u00f9 l&#8217;\u00e9motion est difficile \u00e0 contenir. Il transpara\u00eet dans chaque action. Nous serons en direct en canal 4, avec le grand Edoardo Raspelli et sa troupe. On parle de notre \u201cTazzulella e caf\u00e8\u201d, une bi\u00e8re stout au caf\u00e9 n\u00e9e de la synergie avec Caff\u00e8 Kimbo. Espace pour les images, nous [&hellip;]<\/p>\n","protected":false},"author":6,"featured_media":2206,"comment_status":"open","ping_status":"open","sticky":false,"template":"","format":"standard","meta":{"footnotes":""},"categories":[111],"tags":[],"class_list":["post-2200","post","type-post","status-publish","format-standard","has-post-thumbnail","hentry","category-news-fr"],"yoast_head":"<!-- This site is optimized with the Yoast SEO plugin v20.3 - https:\/\/yoast.com\/wordpress\/plugins\/seo\/ -->\n<title>Karmagazine - Brasserie Karma sur MelaVerde - Brasserie Karma<\/title>\n<meta name=\"description\" content=\"Edoardo Raspelli et son \u00e9quipage sont les invit\u00e9s de la Brasserie Karma. Sur le r\u00e9seau 4, nous parlons de bi\u00e8re tazzulella e caf\u00e9. Voir la vid\u00e9o!\" \/>\n<meta name=\"robots\" content=\"index, follow, max-snippet:-1, max-image-preview:large, max-video-preview:-1\" \/>\n<link rel=\"canonical\" href=\"https:\/\/birrakarma.com\/fr\/biere-karma-chez-melaverde\/\" \/>\n<meta property=\"og:locale\" content=\"fr_FR\" \/>\n<meta property=\"og:type\" content=\"article\" \/>\n<meta property=\"og:title\" content=\"Karmagazine - Brasserie Karma sur MelaVerde - Brasserie Karma\" \/>\n<meta property=\"og:description\" content=\"Edoardo Raspelli et son \u00e9quipage sont les invit\u00e9s de la Brasserie Karma. Sur le r\u00e9seau 4, nous parlons de bi\u00e8re tazzulella e caf\u00e9. Voir la vid\u00e9o!\" \/>\n<meta property=\"og:url\" content=\"https:\/\/birrakarma.com\/fr\/biere-karma-chez-melaverde\/\" \/>\n<meta property=\"og:site_name\" content=\"Birrificio Karma\" \/>\n<meta property=\"article:published_time\" content=\"2020-11-28T13:22:30+00:00\" \/>\n<meta property=\"article:modified_time\" content=\"2020-11-29T16:07:06+00:00\" \/>\n<meta property=\"og:image\" content=\"https:\/\/birrakarma.com\/wp-content\/uploads\/2020\/05\/articolo-melaverde-karma-3.jpg\" \/>\n\t<meta property=\"og:image:width\" content=\"1956\" \/>\n\t<meta property=\"og:image:height\" content=\"1100\" \/>\n\t<meta property=\"og:image:type\" content=\"image\/jpeg\" \/>\n<meta name=\"author\" content=\"mario cipriano\" \/>\n<meta name=\"twitter:card\" content=\"summary_large_image\" \/>\n<meta name=\"twitter:label1\" content=\"\u00c9crit par\" \/>\n\t<meta name=\"twitter:data1\" content=\"mario cipriano\" \/>\n<script type=\"application\/ld+json\" class=\"yoast-schema-graph\">{\"@context\":\"https:\/\/schema.org\",\"@graph\":[{\"@type\":\"Article\",\"@id\":\"https:\/\/birrakarma.com\/fr\/biere-karma-chez-melaverde\/#article\",\"isPartOf\":{\"@id\":\"https:\/\/birrakarma.com\/fr\/biere-karma-chez-melaverde\/\"},\"author\":{\"name\":\"mario cipriano\",\"@id\":\"https:\/\/birrakarma.com\/#\/schema\/person\/d4c708dc4c7f628cf98f0988e19c8769\"},\"headline\":\"Bi\u00e8re Karma chez MelaVerde!\",\"datePublished\":\"2020-11-28T13:22:30+00:00\",\"dateModified\":\"2020-11-29T16:07:06+00:00\",\"mainEntityOfPage\":{\"@id\":\"https:\/\/birrakarma.com\/fr\/biere-karma-chez-melaverde\/\"},\"wordCount\":68,\"commentCount\":0,\"publisher\":{\"@id\":\"https:\/\/birrakarma.com\/#organization\"},\"articleSection\":[\"News\"],\"inLanguage\":\"fr-FR\",\"potentialAction\":[{\"@type\":\"CommentAction\",\"name\":\"Comment\",\"target\":[\"https:\/\/birrakarma.com\/fr\/biere-karma-chez-melaverde\/#respond\"]}]},{\"@type\":\"WebPage\",\"@id\":\"https:\/\/birrakarma.com\/fr\/biere-karma-chez-melaverde\/\",\"url\":\"https:\/\/birrakarma.com\/fr\/biere-karma-chez-melaverde\/\",\"name\":\"Karmagazine - Brasserie Karma sur MelaVerde - Brasserie Karma\",\"isPartOf\":{\"@id\":\"https:\/\/birrakarma.com\/#website\"},\"datePublished\":\"2020-11-28T13:22:30+00:00\",\"dateModified\":\"2020-11-29T16:07:06+00:00\",\"description\":\"Edoardo Raspelli et son \u00e9quipage sont les invit\u00e9s de la Brasserie Karma. Sur le r\u00e9seau 4, nous parlons de bi\u00e8re tazzulella e caf\u00e9. Voir la vid\u00e9o!\",\"breadcrumb\":{\"@id\":\"https:\/\/birrakarma.com\/fr\/biere-karma-chez-melaverde\/#breadcrumb\"},\"inLanguage\":\"fr-FR\",\"potentialAction\":[{\"@type\":\"ReadAction\",\"target\":[\"https:\/\/birrakarma.com\/fr\/biere-karma-chez-melaverde\/\"]}]},{\"@type\":\"BreadcrumbList\",\"@id\":\"https:\/\/birrakarma.com\/fr\/biere-karma-chez-melaverde\/#breadcrumb\",\"itemListElement\":[{\"@type\":\"ListItem\",\"position\":1,\"name\":\"Home\",\"item\":\"https:\/\/birrakarma.com\/fr\/\"},{\"@type\":\"ListItem\",\"position\":2,\"name\":\"Bi\u00e8re Karma chez MelaVerde!\"}]},{\"@type\":\"WebSite\",\"@id\":\"https:\/\/birrakarma.com\/#website\",\"url\":\"https:\/\/birrakarma.com\/\",\"name\":\"Birrificio Karma\",\"description\":\"Birra artigianale italiana\",\"publisher\":{\"@id\":\"https:\/\/birrakarma.com\/#organization\"},\"potentialAction\":[{\"@type\":\"SearchAction\",\"target\":{\"@type\":\"EntryPoint\",\"urlTemplate\":\"https:\/\/birrakarma.com\/?s={search_term_string}\"},\"query-input\":\"required name=search_term_string\"}],\"inLanguage\":\"fr-FR\"},{\"@type\":\"Organization\",\"@id\":\"https:\/\/birrakarma.com\/#organization\",\"name\":\"Birrificio Karma\",\"url\":\"https:\/\/birrakarma.com\/\",\"logo\":{\"@type\":\"ImageObject\",\"inLanguage\":\"fr-FR\",\"@id\":\"https:\/\/birrakarma.com\/#\/schema\/logo\/image\/\",\"url\":\"https:\/\/birrakarma.com\/wp-content\/uploads\/2020\/05\/karma-logo-naming-1.svg\",\"contentUrl\":\"https:\/\/birrakarma.com\/wp-content\/uploads\/2020\/05\/karma-logo-naming-1.svg\",\"width\":35.25,\"height\":5.41,\"caption\":\"Birrificio Karma\"},\"image\":{\"@id\":\"https:\/\/birrakarma.com\/#\/schema\/logo\/image\/\"}},{\"@type\":\"Person\",\"@id\":\"https:\/\/birrakarma.com\/#\/schema\/person\/d4c708dc4c7f628cf98f0988e19c8769\",\"name\":\"mario cipriano\",\"image\":{\"@type\":\"ImageObject\",\"inLanguage\":\"fr-FR\",\"@id\":\"https:\/\/birrakarma.com\/#\/schema\/person\/image\/\",\"url\":\"https:\/\/secure.gravatar.com\/avatar\/c00d6eb96efec0a1f4f7cc75e3692fa8?s=96&d=mm&r=g\",\"contentUrl\":\"https:\/\/secure.gravatar.com\/avatar\/c00d6eb96efec0a1f4f7cc75e3692fa8?s=96&d=mm&r=g\",\"caption\":\"mario cipriano\"}}]}<\/script>\n<!-- \/ Yoast SEO plugin. -->","yoast_head_json":{"title":"Karmagazine - Brasserie Karma sur MelaVerde - Brasserie Karma","description":"Edoardo Raspelli et son \u00e9quipage sont les invit\u00e9s de la Brasserie Karma. Sur le r\u00e9seau 4, nous parlons de bi\u00e8re tazzulella e caf\u00e9. Voir la vid\u00e9o!","robots":{"index":"index","follow":"follow","max-snippet":"max-snippet:-1","max-image-preview":"max-image-preview:large","max-video-preview":"max-video-preview:-1"},"canonical":"https:\/\/birrakarma.com\/fr\/biere-karma-chez-melaverde\/","og_locale":"fr_FR","og_type":"article","og_title":"Karmagazine - Brasserie Karma sur MelaVerde - Brasserie Karma","og_description":"Edoardo Raspelli et son \u00e9quipage sont les invit\u00e9s de la Brasserie Karma. Sur le r\u00e9seau 4, nous parlons de bi\u00e8re tazzulella e caf\u00e9. Voir la vid\u00e9o!","og_url":"https:\/\/birrakarma.com\/fr\/biere-karma-chez-melaverde\/","og_site_name":"Birrificio Karma","article_published_time":"2020-11-28T13:22:30+00:00","article_modified_time":"2020-11-29T16:07:06+00:00","og_image":[{"width":1956,"height":1100,"url":"https:\/\/birrakarma.com\/wp-content\/uploads\/2020\/05\/articolo-melaverde-karma-3.jpg","type":"image\/jpeg"}],"author":"mario cipriano","twitter_card":"summary_large_image","twitter_misc":{"\u00c9crit par":"mario cipriano"},"schema":{"@context":"https:\/\/schema.org","@graph":[{"@type":"Article","@id":"https:\/\/birrakarma.com\/fr\/biere-karma-chez-melaverde\/#article","isPartOf":{"@id":"https:\/\/birrakarma.com\/fr\/biere-karma-chez-melaverde\/"},"author":{"name":"mario cipriano","@id":"https:\/\/birrakarma.com\/#\/schema\/person\/d4c708dc4c7f628cf98f0988e19c8769"},"headline":"Bi\u00e8re Karma chez MelaVerde!","datePublished":"2020-11-28T13:22:30+00:00","dateModified":"2020-11-29T16:07:06+00:00","mainEntityOfPage":{"@id":"https:\/\/birrakarma.com\/fr\/biere-karma-chez-melaverde\/"},"wordCount":68,"commentCount":0,"publisher":{"@id":"https:\/\/birrakarma.com\/#organization"},"articleSection":["News"],"inLanguage":"fr-FR","potentialAction":[{"@type":"CommentAction","name":"Comment","target":["https:\/\/birrakarma.com\/fr\/biere-karma-chez-melaverde\/#respond"]}]},{"@type":"WebPage","@id":"https:\/\/birrakarma.com\/fr\/biere-karma-chez-melaverde\/","url":"https:\/\/birrakarma.com\/fr\/biere-karma-chez-melaverde\/","name":"Karmagazine - Brasserie Karma sur MelaVerde - Brasserie Karma","isPartOf":{"@id":"https:\/\/birrakarma.com\/#website"},"datePublished":"2020-11-28T13:22:30+00:00","dateModified":"2020-11-29T16:07:06+00:00","description":"Edoardo Raspelli et son \u00e9quipage sont les invit\u00e9s de la Brasserie Karma. Sur le r\u00e9seau 4, nous parlons de bi\u00e8re tazzulella e caf\u00e9. Voir la vid\u00e9o!","breadcrumb":{"@id":"https:\/\/birrakarma.com\/fr\/biere-karma-chez-melaverde\/#breadcrumb"},"inLanguage":"fr-FR","potentialAction":[{"@type":"ReadAction","target":["https:\/\/birrakarma.com\/fr\/biere-karma-chez-melaverde\/"]}]},{"@type":"BreadcrumbList","@id":"https:\/\/birrakarma.com\/fr\/biere-karma-chez-melaverde\/#breadcrumb","itemListElement":[{"@type":"ListItem","position":1,"name":"Home","item":"https:\/\/birrakarma.com\/fr\/"},{"@type":"ListItem","position":2,"name":"Bi\u00e8re Karma chez MelaVerde!"}]},{"@type":"WebSite","@id":"https:\/\/birrakarma.com\/#website","url":"https:\/\/birrakarma.com\/","name":"Birrificio Karma","description":"Birra artigianale italiana","publisher":{"@id":"https:\/\/birrakarma.com\/#organization"},"potentialAction":[{"@type":"SearchAction","target":{"@type":"EntryPoint","urlTemplate":"https:\/\/birrakarma.com\/?s={search_term_string}"},"query-input":"required name=search_term_string"}],"inLanguage":"fr-FR"},{"@type":"Organization","@id":"https:\/\/birrakarma.com\/#organization","name":"Birrificio Karma","url":"https:\/\/birrakarma.com\/","logo":{"@type":"ImageObject","inLanguage":"fr-FR","@id":"https:\/\/birrakarma.com\/#\/schema\/logo\/image\/","url":"https:\/\/birrakarma.com\/wp-content\/uploads\/2020\/05\/karma-logo-naming-1.svg","contentUrl":"https:\/\/birrakarma.com\/wp-content\/uploads\/2020\/05\/karma-logo-naming-1.svg","width":35.25,"height":5.41,"caption":"Birrificio Karma"},"image":{"@id":"https:\/\/birrakarma.com\/#\/schema\/logo\/image\/"}},{"@type":"Person","@id":"https:\/\/birrakarma.com\/#\/schema\/person\/d4c708dc4c7f628cf98f0988e19c8769","name":"mario cipriano","image":{"@type":"ImageObject","inLanguage":"fr-FR","@id":"https:\/\/birrakarma.com\/#\/schema\/person\/image\/","url":"https:\/\/secure.gravatar.com\/avatar\/c00d6eb96efec0a1f4f7cc75e3692fa8?s=96&d=mm&r=g","contentUrl":"https:\/\/secure.gravatar.com\/avatar\/c00d6eb96efec0a1f4f7cc75e3692fa8?s=96&d=mm&r=g","caption":"mario cipriano"}}]}},"_links":{"self":[{"href":"https:\/\/birrakarma.com\/fr\/wp-json\/wp\/v2\/posts\/2200","targetHints":{"allow":["GET"]}}],"collection":[{"href":"https:\/\/birrakarma.com\/fr\/wp-json\/wp\/v2\/posts"}],"about":[{"href":"https:\/\/birrakarma.com\/fr\/wp-json\/wp\/v2\/types\/post"}],"author":[{"embeddable":true,"href":"https:\/\/birrakarma.com\/fr\/wp-json\/wp\/v2\/users\/6"}],"replies":[{"embeddable":true,"href":"https:\/\/birrakarma.com\/fr\/wp-json\/wp\/v2\/comments?post=2200"}],"version-history":[{"count":2,"href":"https:\/\/birrakarma.com\/fr\/wp-json\/wp\/v2\/posts\/2200\/revisions"}],"predecessor-version":[{"id":2846,"href":"https:\/\/birrakarma.com\/fr\/wp-json\/wp\/v2\/posts\/2200\/revisions\/2846"}],"wp:featuredmedia":[{"embeddable":true,"href":"https:\/\/birrakarma.com\/fr\/wp-json\/wp\/v2\/media\/2206"}],"wp:attachment":[{"href":"https:\/\/birrakarma.com\/fr\/wp-json\/wp\/v2\/media?parent=2200"}],"wp:term":[{"taxonomy":"category","embeddable":true,"href":"https:\/\/birrakarma.com\/fr\/wp-json\/wp\/v2\/categories?post=2200"},{"taxonomy":"post_tag","embeddable":true,"href":"https:\/\/birrakarma.com\/fr\/wp-json\/wp\/v2\/tags?post=2200"}],"curies":[{"name":"wp","href":"https:\/\/api.w.org\/{rel}","templated":true}]}}